{"id":2522,"date":"2024-09-12T09:54:02","date_gmt":"2024-09-12T09:54:02","guid":{"rendered":"https:\/\/www.grundschule-geisa.de\/?p=2522"},"modified":"2024-09-12T09:58:27","modified_gmt":"2024-09-12T09:58:27","slug":"traditionelle-baumpflanzaktion-unserer-schulanfaenger","status":"publish","type":"post","link":"https:\/\/www.grundschule-geisa.de\/?p=2522","title":{"rendered":"Traditionelle Baumpflanzaktion unserer Schulanf\u00e4nger"},"content":{"rendered":"\n<p>P\u00fcnktlich zu Beginn des neuen Schuljahres schm\u00fcckt ein weiterer Obstbaum den Hang des Gangolfiberges. Unsere Erstkl\u00e4ssler pflanzten in diesem Jahr ein Apfelb\u00e4umchen, welches sie vom F\u00f6rderverein zur Feier ihres Schulstarts geschenkt bekommen haben. Mit dabei waren Steffen Bott und Anja Nimmich von der Stadt Geisa, Torsten Stauber vom F\u00f6rderverein der Grundschule sowie Klassenlehrerin Frau Konschak und Horterzieherin Frau T\u00e4uber. Nun m\u00fcssen die Kinder ihr B\u00e4umchen flei\u00dfig pflegen und gie\u00dfen, damit es w\u00e4chst und schon bald die ersten \u00c4pfel geerntet werden k\u00f6nnen.<\/p>\n\n\n\n<div class=\"wp-block-group\"><div class=\"wp-block-group__inner-container is-layout-constrained wp-block-group-is-layout-constrained\">\n<figure class=\"wp-block-gallery has-nested-images columns-default is-cropped wp-block-gallery-1 is-layout-flex wp-block-gallery-is-layout-flex\">\n<figure class=\"wp-block-image size-large\"><a href=\"https:\/\/www.grundschule-geisa.de\/wp-content\/uploads\/2024\/09\/IMG-20240909-WA0009.jpg\" target=\"_blank\" rel=\"noreferrer noopener\"><img loading=\"lazy\" decoding=\"async\" width=\"1024\" height=\"768\" src=\"https:\/\/www.grundschule-geisa.de\/wp-content\/uploads\/2024\/09\/IMG-20240909-WA0009-1024x768.jpg\" alt=\"\" class=\"wp-image-2528\" srcset=\"https:\/\/www.grundschule-geisa.de\/wp-content\/uploads\/2024\/09\/IMG-20240909-WA0009-1024x768.jpg 1024w, https:\/\/www.grundschule-geisa.de\/wp-content\/uploads\/2024\/09\/IMG-20240909-WA0009-300x225.jpg 300w, https:\/\/www.grundschule-geisa.de\/wp-content\/uploads\/2024\/09\/IMG-20240909-WA0009-768x576.jpg 768w, https:\/\/www.grundschule-geisa.de\/wp-content\/uploads\/2024\/09\/IMG-20240909-WA0009-1536x1152.jpg 1536w, https:\/\/www.grundschule-geisa.de\/wp-content\/uploads\/2024\/09\/IMG-20240909-WA0009.jpg 1600w\" sizes=\"(max-width: 1024px) 100vw, 1024px\" \/><\/a><\/figure>\n\n\n\n<figure class=\"wp-block-image size-large\"><a href=\"https:\/\/www.grundschule-geisa.de\/wp-content\/uploads\/2024\/09\/IMG-20240909-WA0011.jpg\" target=\"_blank\" rel=\"noreferrer noopener\"><img loading=\"lazy\" decoding=\"async\" width=\"1024\" height=\"768\" src=\"https:\/\/www.grundschule-geisa.de\/wp-content\/uploads\/2024\/09\/IMG-20240909-WA0011-1024x768.jpg\" alt=\"\" class=\"wp-image-2526\" srcset=\"https:\/\/www.grundschule-geisa.de\/wp-content\/uploads\/2024\/09\/IMG-20240909-WA0011-1024x768.jpg 1024w, https:\/\/www.grundschule-geisa.de\/wp-content\/uploads\/2024\/09\/IMG-20240909-WA0011-300x225.jpg 300w, https:\/\/www.grundschule-geisa.de\/wp-content\/uploads\/2024\/09\/IMG-20240909-WA0011-768x576.jpg 768w, https:\/\/www.grundschule-geisa.de\/wp-content\/uploads\/2024\/09\/IMG-20240909-WA0011-1536x1152.jpg 1536w, https:\/\/www.grundschule-geisa.de\/wp-content\/uploads\/2024\/09\/IMG-20240909-WA0011.jpg 1600w\" sizes=\"(max-width: 1024px) 100vw, 1024px\" \/><\/a><\/figure>\n\n\n\n<figure class=\"wp-block-image size-large\"><a href=\"https:\/\/www.grundschule-geisa.de\/wp-content\/uploads\/2024\/09\/IMG-20240909-WA0014.jpg\" target=\"_blank\" rel=\"noreferrer noopener\"><img loading=\"lazy\" decoding=\"async\" width=\"768\" height=\"1024\" src=\"https:\/\/www.grundschule-geisa.de\/wp-content\/uploads\/2024\/09\/IMG-20240909-WA0014-768x1024.jpg\" alt=\"\" class=\"wp-image-2524\" srcset=\"https:\/\/www.grundschule-geisa.de\/wp-content\/uploads\/2024\/09\/IMG-20240909-WA0014-768x1024.jpg 768w, https:\/\/www.grundschule-geisa.de\/wp-content\/uploads\/2024\/09\/IMG-20240909-WA0014-225x300.jpg 225w, https:\/\/www.grundschule-geisa.de\/wp-content\/uploads\/2024\/09\/IMG-20240909-WA0014-1152x1536.jpg 1152w, https:\/\/www.grundschule-geisa.de\/wp-content\/uploads\/2024\/09\/IMG-20240909-WA0014.jpg 1200w\" sizes=\"(max-width: 768px) 100vw, 768px\" \/><\/a><\/figure>\n\n\n\n<figure class=\"wp-block-image size-large\"><a href=\"https:\/\/www.grundschule-geisa.de\/wp-content\/uploads\/2024\/09\/IMG-20240909-WA0016.jpg\" target=\"_blank\" rel=\"noreferrer noopener\"><img loading=\"lazy\" decoding=\"async\" width=\"768\" height=\"1024\" src=\"https:\/\/www.grundschule-geisa.de\/wp-content\/uploads\/2024\/09\/IMG-20240909-WA0016-768x1024.jpg\" alt=\"\" class=\"wp-image-2527\" srcset=\"https:\/\/www.grundschule-geisa.de\/wp-content\/uploads\/2024\/09\/IMG-20240909-WA0016-768x1024.jpg 768w, https:\/\/www.grundschule-geisa.de\/wp-content\/uploads\/2024\/09\/IMG-20240909-WA0016-225x300.jpg 225w, https:\/\/www.grundschule-geisa.de\/wp-content\/uploads\/2024\/09\/IMG-20240909-WA0016-1152x1536.jpg 1152w, https:\/\/www.grundschule-geisa.de\/wp-content\/uploads\/2024\/09\/IMG-20240909-WA0016.jpg 1200w\" sizes=\"(max-width: 768px) 100vw, 768px\" \/><\/a><\/figure>\n\n\n\n<figure class=\"wp-block-image size-large\"><a href=\"https:\/\/www.grundschule-geisa.de\/wp-content\/uploads\/2024\/09\/IMG-20240909-WA0018.jpg\" target=\"_blank\" rel=\"noreferrer noopener\"><img loading=\"lazy\" decoding=\"async\" width=\"1024\" height=\"768\" src=\"https:\/\/www.grundschule-geisa.de\/wp-content\/uploads\/2024\/09\/IMG-20240909-WA0018-1024x768.jpg\" alt=\"\" class=\"wp-image-2525\" srcset=\"https:\/\/www.grundschule-geisa.de\/wp-content\/uploads\/2024\/09\/IMG-20240909-WA0018-1024x768.jpg 1024w, https:\/\/www.grundschule-geisa.de\/wp-content\/uploads\/2024\/09\/IMG-20240909-WA0018-300x225.jpg 300w, https:\/\/www.grundschule-geisa.de\/wp-content\/uploads\/2024\/09\/IMG-20240909-WA0018-768x576.jpg 768w, https:\/\/www.grundschule-geisa.de\/wp-content\/uploads\/2024\/09\/IMG-20240909-WA0018-1536x1152.jpg 1536w, https:\/\/www.grundschule-geisa.de\/wp-content\/uploads\/2024\/09\/IMG-20240909-WA0018.jpg 1600w\" sizes=\"(max-width: 1024px) 100vw, 1024px\" \/><\/a><\/figure>\n\n\n\n<figure class=\"wp-block-image size-large\"><a href=\"https:\/\/www.grundschule-geisa.de\/wp-content\/uploads\/2024\/09\/IMG-20240909-WA0019.jpg\" target=\"_blank\" rel=\"noreferrer noopener\"><img loading=\"lazy\" decoding=\"async\" width=\"1024\" height=\"768\" src=\"https:\/\/www.grundschule-geisa.de\/wp-content\/uploads\/2024\/09\/IMG-20240909-WA0019-1024x768.jpg\" alt=\"\" class=\"wp-image-2523\" srcset=\"https:\/\/www.grundschule-geisa.de\/wp-content\/uploads\/2024\/09\/IMG-20240909-WA0019-1024x768.jpg 1024w, https:\/\/www.grundschule-geisa.de\/wp-content\/uploads\/2024\/09\/IMG-20240909-WA0019-300x225.jpg 300w, https:\/\/www.grundschule-geisa.de\/wp-content\/uploads\/2024\/09\/IMG-20240909-WA0019-768x576.jpg 768w, https:\/\/www.grundschule-geisa.de\/wp-content\/uploads\/2024\/09\/IMG-20240909-WA0019-1536x1152.jpg 1536w, https:\/\/www.grundschule-geisa.de\/wp-content\/uploads\/2024\/09\/IMG-20240909-WA0019.jpg 1600w\" sizes=\"(max-width: 1024px) 100vw, 1024px\" \/><\/a><\/figure>\n<\/figure>\n<\/div><\/div>\n","protected":false},"excerpt":{"rendered":"<p>P\u00fcnktlich zu Beginn des neuen Schuljahres schm\u00fcckt ein weiterer Obstbaum den Hang des Gangolfiberges. Unsere Erstkl\u00e4ssler pflanzten in diesem Jahr ein Apfelb\u00e4umchen, welches sie vom F\u00f6rderverein zur Feier ihres Schulstarts geschenkt bekommen haben. Mit dabei waren Steffen Bott und Anja Nimmich von der Stadt Geisa, Torsten Stauber vom F\u00f6rderverein der Grundschule sowie Klassenlehrerin Frau Konschak [&hellip;]<\/p>\n","protected":false},"author":6,"featured_media":2531,"comment_status":"closed","ping_status":"open","sticky":false,"template":"","format":"standard","meta":{"footnotes":""},"categories":[1],"tags":[],"_links":{"self":[{"href":"https:\/\/www.grundschule-geisa.de\/index.php?rest_route=\/wp\/v2\/posts\/2522"}],"collection":[{"href":"https:\/\/www.grundschule-geisa.de\/index.php?rest_route=\/wp\/v2\/posts"}],"about":[{"href":"https:\/\/www.grundschule-geisa.de\/index.php?rest_route=\/wp\/v2\/types\/post"}],"author":[{"embeddable":true,"href":"https:\/\/www.grundschule-geisa.de\/index.php?rest_route=\/wp\/v2\/users\/6"}],"replies":[{"embeddable":true,"href":"https:\/\/www.grundschule-geisa.de\/index.php?rest_route=%2Fwp%2Fv2%2Fcomments&post=2522"}],"version-history":[{"count":5,"href":"https:\/\/www.grundschule-geisa.de\/index.php?rest_route=\/wp\/v2\/posts\/2522\/revisions"}],"predecessor-version":[{"id":2535,"href":"https:\/\/www.grundschule-geisa.de\/index.php?rest_route=\/wp\/v2\/posts\/2522\/revisions\/2535"}],"wp:featuredmedia":[{"embeddable":true,"href":"https:\/\/www.grundschule-geisa.de\/index.php?rest_route=\/wp\/v2\/media\/2531"}],"wp:attachment":[{"href":"https:\/\/www.grundschule-geisa.de\/index.php?rest_route=%2Fwp%2Fv2%2Fmedia&parent=2522"}],"wp:term":[{"taxonomy":"category","embeddable":true,"href":"https:\/\/www.grundschule-geisa.de\/index.php?rest_route=%2Fwp%2Fv2%2Fcategories&post=2522"},{"taxonomy":"post_tag","embeddable":true,"href":"https:\/\/www.grundschule-geisa.de\/index.php?rest_route=%2Fwp%2Fv2%2Ftags&post=2522"}],"curies":[{"name":"wp","href":"https:\/\/api.w.org\/{rel}","templated":true}]}}